{"id":829,"date":"2018-06-08T05:57:14","date_gmt":"2018-06-08T05:57:14","guid":{"rendered":"http:\/\/www.lietuvis.ie\/?p=829"},"modified":"2018-06-11T17:27:19","modified_gmt":"2018-06-11T17:27:19","slug":"irish-lithuanians-photo-clubs-first-exhibition-attracted-both-lithuanian-and-irish-peoples-attention","status":"publish","type":"post","link":"https:\/\/lietuvis.ie\/en\/irish-lithuanians-photo-clubs-first-exhibition-attracted-both-lithuanian-and-irish-peoples-attention\/","title":{"rendered":"Irish Lithuanians\u2019 Photo Club&#8217;s first exhibition attracted both Lithuanian and Irish people\u2019s attention"},"content":{"rendered":"<p>In the beginning of May, the Irish Lithuanians\u2019 Photo Club organized their first exhibition \u201cThrough The Lens\u201d in Carlow. It attracted not only fellow Lithuanians\u2019 attention, but was also noticed by the Irish. The club members produced 100 artistic photographs that were a big hit amongst the visitors. The main participants of the exhibition were: Lina \u0160imoli\u016bnien\u0117, Gra\u017eina Grasien\u0117, Giedrius Rasimavi\u010dius, Kristina Kairien\u0117, Vaidas Kurmauskas, Alina Williams, Liudmila Mendelien\u0117, \u00a0Egl\u0117 Morozait\u0117, Viktoras Ge\u010das, Gintautas \u010cepaitis, and Lina Bechara. However they were not the only ones whose work was presented. Other photographs exhibited were collected from various contests organised previously by the Photo Club. The Mayor, Jim Deane, participating at the opening said that this exhibition not only beautifully presents Lithuanian art but it also symbolizes the friendship between our two countries.<\/p>\n<p><img decoding=\"async\" class=\"aligncenter wp-image-833\" src=\"http:\/\/www.lietuvis.ie\/wp-content\/uploads\/2018\/06\/zmones-300x200.jpg\" alt=\"\" width=\"500\" height=\"333\" srcset=\"https:\/\/lietuvis.ie\/wp-content\/uploads\/2018\/06\/zmones-300x200.jpg 300w, https:\/\/lietuvis.ie\/wp-content\/uploads\/2018\/06\/zmones-768x512.jpg 768w, https:\/\/lietuvis.ie\/wp-content\/uploads\/2018\/06\/zmones.jpg 960w\" sizes=\"(max-width: 500px) 100vw, 500px\" \/><\/p>\n<p>The idea to organize the \u201cThrough The Lens\u201d exhibition was introduced when a new council was selected for the Irish Lithuanians\u2019 Photo Club. According to the current Head of the club, Art\u016bras Ra\u010dkauskas, the highest point a photographer can reach in his career is an exhibition. This attitude to exhibitions furthered the idea and encouraged all of the members to come together and bring the club\u2019s first ever exhibition \u201cThrough The Lens\u201d to life. The exhibition took place in the Carlow shopping center and was dedicated to the celebration of 100 years of the restored state of Lithuania. It was visited by the Mayor, Jim Dean, the Ambassador of the Republic of Lithuania to Ireland, Egidijus Meil\u016bnas and a number of people from around the area, as well as from further parts of Ireland.<\/p>\n<p><img decoding=\"async\" class=\"aligncenter wp-image-831\" src=\"http:\/\/www.lietuvis.ie\/wp-content\/uploads\/2018\/06\/Airijos-lietuvi\u0173-fotoklubo-pirmoji-paroda-patrauk\u0117-tiek-tautie\u010di\u0173-tiek-airi\u0173-d\u0117m\u0117s\u012f_1-2-300x194.jpg\" alt=\"\" width=\"500\" height=\"324\" srcset=\"https:\/\/lietuvis.ie\/wp-content\/uploads\/2018\/06\/Airijos-lietuvi\u0173-fotoklubo-pirmoji-paroda-patrauk\u0117-tiek-tautie\u010di\u0173-tiek-airi\u0173-d\u0117m\u0117s\u012f_1-2-300x194.jpg 300w, https:\/\/lietuvis.ie\/wp-content\/uploads\/2018\/06\/Airijos-lietuvi\u0173-fotoklubo-pirmoji-paroda-patrauk\u0117-tiek-tautie\u010di\u0173-tiek-airi\u0173-d\u0117m\u0117s\u012f_1-2-768x497.jpg 768w, https:\/\/lietuvis.ie\/wp-content\/uploads\/2018\/06\/Airijos-lietuvi\u0173-fotoklubo-pirmoji-paroda-patrauk\u0117-tiek-tautie\u010di\u0173-tiek-airi\u0173-d\u0117m\u0117s\u012f_1-2-1024x663.jpg 1024w, https:\/\/lietuvis.ie\/wp-content\/uploads\/2018\/06\/Airijos-lietuvi\u0173-fotoklubo-pirmoji-paroda-patrauk\u0117-tiek-tautie\u010di\u0173-tiek-airi\u0173-d\u0117m\u0117s\u012f_1-2.jpg 1080w\" sizes=\"(max-width: 500px) 100vw, 500px\" \/><\/p>\n<p>Most of the attendees were friends and family of the participants and members of various Lithuanian organizations in Ireland. The Irish attendees were left mesmerized as in most of the photographs they saw familiar places and landscapes of Ireland that brought back old memories. This time however they saw all of these places in new light &#8211; through Lithuanian eyes. The photographs varied from \u201cmacro\u201d to landscapes to portraits and so it would be very hard to choose the best photographs due to the amount of the different styles used. It was great to meet all of the new people participating in the event and we strongly hope that in the future more of Irish Lithuanians\u2019 communities will collaborate on common projects.<\/p>\n<p><img decoding=\"async\" class=\"aligncenter wp-image-832\" src=\"http:\/\/www.lietuvis.ie\/wp-content\/uploads\/2018\/06\/bendras-300x153.jpg\" alt=\"\" width=\"500\" height=\"256\" srcset=\"https:\/\/lietuvis.ie\/wp-content\/uploads\/2018\/06\/bendras-300x153.jpg 300w, https:\/\/lietuvis.ie\/wp-content\/uploads\/2018\/06\/bendras-768x393.jpg 768w, https:\/\/lietuvis.ie\/wp-content\/uploads\/2018\/06\/bendras.jpg 960w\" sizes=\"(max-width: 500px) 100vw, 500px\" \/><\/p>\n<p>The works shown at the \u201cThrough The Lens\u201d exhibition alongside a few new photographs will be presented at the \u201cFRINGE art\u201d festival in Carlow, which will take place June 6-10. We would like to invite everyone to come to this event, as well as the next club\u2019s photography exhibition which is planned to take place next year.<\/p>\n<p>Irish Lithuanians\u2019 foto club member Roberta Le\u0161\u010dikauskait\u0117<\/p>\n<p>Article adapted for English readers by Izabel\u0117 \u0160u\u0161kevi\u010di\u016bt\u0117<\/p>\n<p>&nbsp;<\/p>\n","protected":false},"excerpt":{"rendered":"<p>In the beginning of May, the Irish Lithuanians\u2019 Photo Club organized their first exhibition \u201cThrough The Lens\u201d in Carlow. It attracted not only fellow Lithuanians\u2019 attention, but was also noticed by the Irish. The club members produced 100 artistic photographs that were a big hit amongst the visitors. The main participants of the exhibition were: [&hellip;]<\/p>\n","protected":false},"author":3,"featured_media":830,"comment_status":"closed","ping_status":"closed","sticky":false,"template":"","format":"standard","meta":{"tdm_status":"","tdm_grid_status":"","footnotes":""},"categories":[1],"tags":[118,119],"class_list":["post-829","post","type-post","status-publish","format-standard","has-post-thumbnail","hentry","category-nekategorizuotas","tag-carlow","tag-exhibition"],"yoast_head":"<!-- This site is optimized with the Yoast SEO plugin v27.8 - https:\/\/yoast.com\/product\/yoast-seo-wordpress\/ -->\n<title>Irish Lithuanians\u2019 Photo Club&#039;s first exhibition attracted both Lithuanian and Irish people\u2019s attention<\/title>\n<meta name=\"description\" content=\"In the beginning of May, the Irish Lithuanians\u2019 Photo Club organized their first exhibition \u201cThrough The Lens\u201d in Carlow. It attracted not only fellow\" \/>\n<meta name=\"robots\" content=\"index, follow, max-snippet:-1, max-image-preview:large, max-video-preview:-1\" \/>\n<link rel=\"canonical\" href=\"https:\/\/lietuvis.ie\/en\/irish-lithuanians-photo-clubs-first-exhibition-attracted-both-lithuanian-and-irish-peoples-attention\/\" \/>\n<meta property=\"og:locale\" content=\"en_US\" \/>\n<meta property=\"og:locale:alternate\" content=\"lt_LT\" \/>\n<meta property=\"og:type\" content=\"article\" \/>\n<meta property=\"og:title\" content=\"Irish Lithuanians\u2019 Photo Club&#039;s first exhibition attracted both Lithuanian and Irish people\u2019s attention\" \/>\n<meta property=\"og:description\" content=\"In the beginning of May, the Irish Lithuanians\u2019 Photo Club organized their first exhibition \u201cThrough The Lens\u201d in Carlow. It attracted not only fellow\" \/>\n<meta property=\"og:url\" content=\"https:\/\/lietuvis.ie\/en\/irish-lithuanians-photo-clubs-first-exhibition-attracted-both-lithuanian-and-irish-peoples-attention\/\" \/>\n<meta property=\"og:site_name\" content=\"LIETUVIS\" \/>\n<meta property=\"article:publisher\" content=\"https:\/\/www.facebook.com\/lietuvis.laikrastis\" \/>\n<meta property=\"article:published_time\" content=\"2018-06-08T05:57:14+00:00\" \/>\n<meta property=\"article:modified_time\" content=\"2018-06-11T17:27:19+00:00\" \/>\n<meta property=\"og:image\" content=\"https:\/\/lietuvis.ie\/wp-content\/uploads\/2018\/06\/Airijos-lietuvi\u0173-fotoklubo-pirmoji-paroda-patrauk\u0117-tiek-tautie\u010di\u0173-tiek-airi\u0173-d\u0117m\u0117s\u012f_2-2.jpg\" \/>\n\t<meta property=\"og:image:width\" content=\"1080\" \/>\n\t<meta property=\"og:image:height\" content=\"1194\" \/>\n\t<meta property=\"og:image:type\" content=\"image\/jpeg\" \/>\n<meta name=\"author\" content=\"Laikrastis Lietuvis\" \/>\n<meta name=\"twitter:card\" content=\"summary_large_image\" \/>\n<meta name=\"twitter:creator\" content=\"@Lietuvis_L\" \/>\n<meta name=\"twitter:site\" content=\"@Lietuvis_L\" \/>\n<meta name=\"twitter:label1\" content=\"Written by\" \/>\n\t<meta name=\"twitter:data1\" content=\"Laikrastis Lietuvis\" \/>\n\t<meta name=\"twitter:label2\" content=\"Est. reading time\" \/>\n\t<meta name=\"twitter:data2\" content=\"5 minutes\" \/>\n<script type=\"application\/ld+json\" class=\"yoast-schema-graph\">{\"@context\":\"https:\\\/\\\/schema.org\",\"@graph\":[{\"@type\":\"Article\",\"@id\":\"https:\\\/\\\/lietuvis.ie\\\/irish-lithuanians-photo-clubs-first-exhibition-attracted-both-lithuanian-and-irish-peoples-attention\\\/#article\",\"isPartOf\":{\"@id\":\"https:\\\/\\\/lietuvis.ie\\\/irish-lithuanians-photo-clubs-first-exhibition-attracted-both-lithuanian-and-irish-peoples-attention\\\/\"},\"author\":{\"name\":\"Laikrastis Lietuvis\",\"@id\":\"https:\\\/\\\/lietuvis.ie\\\/en\\\/#\\\/schema\\\/person\\\/b5bdfaa2a00d9b7510d7f9bb382fdd72\"},\"headline\":\"Irish Lithuanians\u2019 Photo Club&#8217;s first exhibition attracted both Lithuanian and Irish people\u2019s attention\",\"datePublished\":\"2018-06-08T05:57:14+00:00\",\"dateModified\":\"2018-06-11T17:27:19+00:00\",\"mainEntityOfPage\":{\"@id\":\"https:\\\/\\\/lietuvis.ie\\\/irish-lithuanians-photo-clubs-first-exhibition-attracted-both-lithuanian-and-irish-peoples-attention\\\/\"},\"wordCount\":976,\"publisher\":{\"@id\":\"https:\\\/\\\/lietuvis.ie\\\/en\\\/#organization\"},\"image\":{\"@id\":\"https:\\\/\\\/lietuvis.ie\\\/irish-lithuanians-photo-clubs-first-exhibition-attracted-both-lithuanian-and-irish-peoples-attention\\\/#primaryimage\"},\"thumbnailUrl\":\"https:\\\/\\\/lietuvis.ie\\\/wp-content\\\/uploads\\\/2018\\\/06\\\/Airijos-lietuvi\u0173-fotoklubo-pirmoji-paroda-patrauk\u0117-tiek-tautie\u010di\u0173-tiek-airi\u0173-d\u0117m\u0117s\u012f_2-2.jpg\",\"keywords\":[\"Carlow\",\"exhibition\"],\"articleSection\":[\"Nekategorizuotas\"],\"inLanguage\":\"en-US\"},{\"@type\":\"WebPage\",\"@id\":\"https:\\\/\\\/lietuvis.ie\\\/irish-lithuanians-photo-clubs-first-exhibition-attracted-both-lithuanian-and-irish-peoples-attention\\\/\",\"url\":\"https:\\\/\\\/lietuvis.ie\\\/irish-lithuanians-photo-clubs-first-exhibition-attracted-both-lithuanian-and-irish-peoples-attention\\\/\",\"name\":\"Irish Lithuanians\u2019 Photo Club's first exhibition attracted both Lithuanian and Irish people\u2019s attention\",\"isPartOf\":{\"@id\":\"https:\\\/\\\/lietuvis.ie\\\/en\\\/#website\"},\"primaryImageOfPage\":{\"@id\":\"https:\\\/\\\/lietuvis.ie\\\/irish-lithuanians-photo-clubs-first-exhibition-attracted-both-lithuanian-and-irish-peoples-attention\\\/#primaryimage\"},\"image\":{\"@id\":\"https:\\\/\\\/lietuvis.ie\\\/irish-lithuanians-photo-clubs-first-exhibition-attracted-both-lithuanian-and-irish-peoples-attention\\\/#primaryimage\"},\"thumbnailUrl\":\"https:\\\/\\\/lietuvis.ie\\\/wp-content\\\/uploads\\\/2018\\\/06\\\/Airijos-lietuvi\u0173-fotoklubo-pirmoji-paroda-patrauk\u0117-tiek-tautie\u010di\u0173-tiek-airi\u0173-d\u0117m\u0117s\u012f_2-2.jpg\",\"datePublished\":\"2018-06-08T05:57:14+00:00\",\"dateModified\":\"2018-06-11T17:27:19+00:00\",\"description\":\"In the beginning of May, the Irish Lithuanians\u2019 Photo Club organized their first exhibition \u201cThrough The Lens\u201d in Carlow. It attracted not only fellow\",\"breadcrumb\":{\"@id\":\"https:\\\/\\\/lietuvis.ie\\\/irish-lithuanians-photo-clubs-first-exhibition-attracted-both-lithuanian-and-irish-peoples-attention\\\/#breadcrumb\"},\"inLanguage\":\"en-US\",\"potentialAction\":[{\"@type\":\"ReadAction\",\"target\":[\"https:\\\/\\\/lietuvis.ie\\\/irish-lithuanians-photo-clubs-first-exhibition-attracted-both-lithuanian-and-irish-peoples-attention\\\/\"]}]},{\"@type\":\"ImageObject\",\"inLanguage\":\"en-US\",\"@id\":\"https:\\\/\\\/lietuvis.ie\\\/irish-lithuanians-photo-clubs-first-exhibition-attracted-both-lithuanian-and-irish-peoples-attention\\\/#primaryimage\",\"url\":\"https:\\\/\\\/lietuvis.ie\\\/wp-content\\\/uploads\\\/2018\\\/06\\\/Airijos-lietuvi\u0173-fotoklubo-pirmoji-paroda-patrauk\u0117-tiek-tautie\u010di\u0173-tiek-airi\u0173-d\u0117m\u0117s\u012f_2-2.jpg\",\"contentUrl\":\"https:\\\/\\\/lietuvis.ie\\\/wp-content\\\/uploads\\\/2018\\\/06\\\/Airijos-lietuvi\u0173-fotoklubo-pirmoji-paroda-patrauk\u0117-tiek-tautie\u010di\u0173-tiek-airi\u0173-d\u0117m\u0117s\u012f_2-2.jpg\",\"width\":1080,\"height\":1194},{\"@type\":\"BreadcrumbList\",\"@id\":\"https:\\\/\\\/lietuvis.ie\\\/irish-lithuanians-photo-clubs-first-exhibition-attracted-both-lithuanian-and-irish-peoples-attention\\\/#breadcrumb\",\"itemListElement\":[{\"@type\":\"ListItem\",\"position\":1,\"name\":\"Home\",\"item\":\"https:\\\/\\\/lietuvis.ie\\\/\"},{\"@type\":\"ListItem\",\"position\":2,\"name\":\"Nekategorizuotas\",\"item\":\"https:\\\/\\\/lietuvis.ie\\\/category\\\/nekategorizuotas\\\/\"},{\"@type\":\"ListItem\",\"position\":3,\"name\":\"Irish Lithuanians\u2019 Photo Club&#8217;s first exhibition attracted both Lithuanian and Irish people\u2019s attention\"}]},{\"@type\":\"WebSite\",\"@id\":\"https:\\\/\\\/lietuvis.ie\\\/en\\\/#website\",\"url\":\"https:\\\/\\\/lietuvis.ie\\\/en\\\/\",\"name\":\"LIETUVIS\",\"description\":\"Lithuanian newspaper in Ireland\",\"publisher\":{\"@id\":\"https:\\\/\\\/lietuvis.ie\\\/en\\\/#organization\"},\"potentialAction\":[{\"@type\":\"SearchAction\",\"target\":{\"@type\":\"EntryPoint\",\"urlTemplate\":\"https:\\\/\\\/lietuvis.ie\\\/en\\\/?s={search_term_string}\"},\"query-input\":{\"@type\":\"PropertyValueSpecification\",\"valueRequired\":true,\"valueName\":\"search_term_string\"}}],\"inLanguage\":\"en-US\"},{\"@type\":\"Organization\",\"@id\":\"https:\\\/\\\/lietuvis.ie\\\/en\\\/#organization\",\"name\":\"Laikra\u0161tis \u201eLietuvis\u201c\",\"url\":\"https:\\\/\\\/lietuvis.ie\\\/en\\\/\",\"logo\":{\"@type\":\"ImageObject\",\"inLanguage\":\"en-US\",\"@id\":\"https:\\\/\\\/lietuvis.ie\\\/en\\\/#\\\/schema\\\/logo\\\/image\\\/\",\"url\":\"https:\\\/\\\/www.lietuvis.ie\\\/wp-content\\\/uploads\\\/2020\\\/12\\\/logo_psd_460x180.png\",\"contentUrl\":\"https:\\\/\\\/www.lietuvis.ie\\\/wp-content\\\/uploads\\\/2020\\\/12\\\/logo_psd_460x180.png\",\"width\":460,\"height\":180,\"caption\":\"Laikra\u0161tis \u201eLietuvis\u201c\"},\"image\":{\"@id\":\"https:\\\/\\\/lietuvis.ie\\\/en\\\/#\\\/schema\\\/logo\\\/image\\\/\"},\"sameAs\":[\"https:\\\/\\\/www.facebook.com\\\/lietuvis.laikrastis\",\"https:\\\/\\\/x.com\\\/Lietuvis_L\",\"https:\\\/\\\/www.linkedin.com\\\/company\\\/73914702\\\/\"]},{\"@type\":\"Person\",\"@id\":\"https:\\\/\\\/lietuvis.ie\\\/en\\\/#\\\/schema\\\/person\\\/b5bdfaa2a00d9b7510d7f9bb382fdd72\",\"name\":\"Laikrastis Lietuvis\",\"image\":{\"@type\":\"ImageObject\",\"inLanguage\":\"en-US\",\"@id\":\"https:\\\/\\\/secure.gravatar.com\\\/avatar\\\/07312af1e6e6c2016206f7e22ae5cbdfcd58cb046d7d931160512e68ac8a282e?s=96&d=mm&r=g\",\"url\":\"https:\\\/\\\/secure.gravatar.com\\\/avatar\\\/07312af1e6e6c2016206f7e22ae5cbdfcd58cb046d7d931160512e68ac8a282e?s=96&d=mm&r=g\",\"contentUrl\":\"https:\\\/\\\/secure.gravatar.com\\\/avatar\\\/07312af1e6e6c2016206f7e22ae5cbdfcd58cb046d7d931160512e68ac8a282e?s=96&d=mm&r=g\",\"caption\":\"Laikrastis Lietuvis\"},\"description\":\"Lithuanian newspaper \u201cLietuvis\u201d The only in Ireland Lithuanian language newspaper since 2004.\",\"sameAs\":[\"http:\\\/\\\/www.lietuvis.ie\"]}]}<\/script>\n<!-- \/ Yoast SEO plugin. -->","yoast_head_json":{"title":"Irish Lithuanians\u2019 Photo Club's first exhibition attracted both Lithuanian and Irish people\u2019s attention","description":"In the beginning of May, the Irish Lithuanians\u2019 Photo Club organized their first exhibition \u201cThrough The Lens\u201d in Carlow. It attracted not only fellow","robots":{"index":"index","follow":"follow","max-snippet":"max-snippet:-1","max-image-preview":"max-image-preview:large","max-video-preview":"max-video-preview:-1"},"canonical":"https:\/\/lietuvis.ie\/en\/irish-lithuanians-photo-clubs-first-exhibition-attracted-both-lithuanian-and-irish-peoples-attention\/","og_locale":"en_US","og_type":"article","og_title":"[:en]Irish Lithuanians\u2019 Photo Club's first exhibition attracted both Lithuanian and Irish people\u2019s attention[:lt]Irish Lithuanians\u2019 Photo Club&#039;s first exhibition attracted both Lithuanian and Irish people\u2019s attention[:]","og_description":"In the beginning of May, the Irish Lithuanians\u2019 Photo Club organized their first exhibition \u201cThrough The Lens\u201d in Carlow. It attracted not only fellow","og_url":"https:\/\/lietuvis.ie\/en\/irish-lithuanians-photo-clubs-first-exhibition-attracted-both-lithuanian-and-irish-peoples-attention\/","og_site_name":"LIETUVIS","article_publisher":"https:\/\/www.facebook.com\/lietuvis.laikrastis","article_published_time":"2018-06-08T05:57:14+00:00","article_modified_time":"2018-06-11T17:27:19+00:00","og_image":[{"width":1080,"height":1194,"url":"https:\/\/lietuvis.ie\/wp-content\/uploads\/2018\/06\/Airijos-lietuvi\u0173-fotoklubo-pirmoji-paroda-patrauk\u0117-tiek-tautie\u010di\u0173-tiek-airi\u0173-d\u0117m\u0117s\u012f_2-2.jpg","type":"image\/jpeg"}],"author":"Laikrastis Lietuvis","twitter_card":"summary_large_image","twitter_creator":"@Lietuvis_L","twitter_site":"@Lietuvis_L","twitter_misc":{"Written by":"Laikrastis Lietuvis","Est. reading time":"5 minutes"},"schema":{"@context":"https:\/\/schema.org","@graph":[{"@type":"Article","@id":"https:\/\/lietuvis.ie\/irish-lithuanians-photo-clubs-first-exhibition-attracted-both-lithuanian-and-irish-peoples-attention\/#article","isPartOf":{"@id":"https:\/\/lietuvis.ie\/irish-lithuanians-photo-clubs-first-exhibition-attracted-both-lithuanian-and-irish-peoples-attention\/"},"author":{"name":"Laikrastis Lietuvis","@id":"https:\/\/lietuvis.ie\/en\/#\/schema\/person\/b5bdfaa2a00d9b7510d7f9bb382fdd72"},"headline":"Irish Lithuanians\u2019 Photo Club&#8217;s first exhibition attracted both Lithuanian and Irish people\u2019s attention","datePublished":"2018-06-08T05:57:14+00:00","dateModified":"2018-06-11T17:27:19+00:00","mainEntityOfPage":{"@id":"https:\/\/lietuvis.ie\/irish-lithuanians-photo-clubs-first-exhibition-attracted-both-lithuanian-and-irish-peoples-attention\/"},"wordCount":976,"publisher":{"@id":"https:\/\/lietuvis.ie\/en\/#organization"},"image":{"@id":"https:\/\/lietuvis.ie\/irish-lithuanians-photo-clubs-first-exhibition-attracted-both-lithuanian-and-irish-peoples-attention\/#primaryimage"},"thumbnailUrl":"https:\/\/lietuvis.ie\/wp-content\/uploads\/2018\/06\/Airijos-lietuvi\u0173-fotoklubo-pirmoji-paroda-patrauk\u0117-tiek-tautie\u010di\u0173-tiek-airi\u0173-d\u0117m\u0117s\u012f_2-2.jpg","keywords":["Carlow","exhibition"],"articleSection":["Nekategorizuotas"],"inLanguage":"en-US"},{"@type":"WebPage","@id":"https:\/\/lietuvis.ie\/irish-lithuanians-photo-clubs-first-exhibition-attracted-both-lithuanian-and-irish-peoples-attention\/","url":"https:\/\/lietuvis.ie\/irish-lithuanians-photo-clubs-first-exhibition-attracted-both-lithuanian-and-irish-peoples-attention\/","name":"Irish Lithuanians\u2019 Photo Club's first exhibition attracted both Lithuanian and Irish people\u2019s attention","isPartOf":{"@id":"https:\/\/lietuvis.ie\/en\/#website"},"primaryImageOfPage":{"@id":"https:\/\/lietuvis.ie\/irish-lithuanians-photo-clubs-first-exhibition-attracted-both-lithuanian-and-irish-peoples-attention\/#primaryimage"},"image":{"@id":"https:\/\/lietuvis.ie\/irish-lithuanians-photo-clubs-first-exhibition-attracted-both-lithuanian-and-irish-peoples-attention\/#primaryimage"},"thumbnailUrl":"https:\/\/lietuvis.ie\/wp-content\/uploads\/2018\/06\/Airijos-lietuvi\u0173-fotoklubo-pirmoji-paroda-patrauk\u0117-tiek-tautie\u010di\u0173-tiek-airi\u0173-d\u0117m\u0117s\u012f_2-2.jpg","datePublished":"2018-06-08T05:57:14+00:00","dateModified":"2018-06-11T17:27:19+00:00","description":"In the beginning of May, the Irish Lithuanians\u2019 Photo Club organized their first exhibition \u201cThrough The Lens\u201d in Carlow. It attracted not only fellow","breadcrumb":{"@id":"https:\/\/lietuvis.ie\/irish-lithuanians-photo-clubs-first-exhibition-attracted-both-lithuanian-and-irish-peoples-attention\/#breadcrumb"},"inLanguage":"en-US","potentialAction":[{"@type":"ReadAction","target":["https:\/\/lietuvis.ie\/irish-lithuanians-photo-clubs-first-exhibition-attracted-both-lithuanian-and-irish-peoples-attention\/"]}]},{"@type":"ImageObject","inLanguage":"en-US","@id":"https:\/\/lietuvis.ie\/irish-lithuanians-photo-clubs-first-exhibition-attracted-both-lithuanian-and-irish-peoples-attention\/#primaryimage","url":"https:\/\/lietuvis.ie\/wp-content\/uploads\/2018\/06\/Airijos-lietuvi\u0173-fotoklubo-pirmoji-paroda-patrauk\u0117-tiek-tautie\u010di\u0173-tiek-airi\u0173-d\u0117m\u0117s\u012f_2-2.jpg","contentUrl":"https:\/\/lietuvis.ie\/wp-content\/uploads\/2018\/06\/Airijos-lietuvi\u0173-fotoklubo-pirmoji-paroda-patrauk\u0117-tiek-tautie\u010di\u0173-tiek-airi\u0173-d\u0117m\u0117s\u012f_2-2.jpg","width":1080,"height":1194},{"@type":"BreadcrumbList","@id":"https:\/\/lietuvis.ie\/irish-lithuanians-photo-clubs-first-exhibition-attracted-both-lithuanian-and-irish-peoples-attention\/#breadcrumb","itemListElement":[{"@type":"ListItem","position":1,"name":"Home","item":"https:\/\/lietuvis.ie\/"},{"@type":"ListItem","position":2,"name":"Nekategorizuotas","item":"https:\/\/lietuvis.ie\/category\/nekategorizuotas\/"},{"@type":"ListItem","position":3,"name":"Irish Lithuanians\u2019 Photo Club&#8217;s first exhibition attracted both Lithuanian and Irish people\u2019s attention"}]},{"@type":"WebSite","@id":"https:\/\/lietuvis.ie\/en\/#website","url":"https:\/\/lietuvis.ie\/en\/","name":"LIETUVIS","description":"Lithuanian newspaper in Ireland","publisher":{"@id":"https:\/\/lietuvis.ie\/en\/#organization"},"potentialAction":[{"@type":"SearchAction","target":{"@type":"EntryPoint","urlTemplate":"https:\/\/lietuvis.ie\/en\/?s={search_term_string}"},"query-input":{"@type":"PropertyValueSpecification","valueRequired":true,"valueName":"search_term_string"}}],"inLanguage":"en-US"},{"@type":"Organization","@id":"https:\/\/lietuvis.ie\/en\/#organization","name":"Laikra\u0161tis \u201eLietuvis\u201c","url":"https:\/\/lietuvis.ie\/en\/","logo":{"@type":"ImageObject","inLanguage":"en-US","@id":"https:\/\/lietuvis.ie\/en\/#\/schema\/logo\/image\/","url":"https:\/\/www.lietuvis.ie\/wp-content\/uploads\/2020\/12\/logo_psd_460x180.png","contentUrl":"https:\/\/www.lietuvis.ie\/wp-content\/uploads\/2020\/12\/logo_psd_460x180.png","width":460,"height":180,"caption":"Laikra\u0161tis \u201eLietuvis\u201c"},"image":{"@id":"https:\/\/lietuvis.ie\/en\/#\/schema\/logo\/image\/"},"sameAs":["https:\/\/www.facebook.com\/lietuvis.laikrastis","https:\/\/x.com\/Lietuvis_L","https:\/\/www.linkedin.com\/company\/73914702\/"]},{"@type":"Person","@id":"https:\/\/lietuvis.ie\/en\/#\/schema\/person\/b5bdfaa2a00d9b7510d7f9bb382fdd72","name":"Laikrastis Lietuvis","image":{"@type":"ImageObject","inLanguage":"en-US","@id":"https:\/\/secure.gravatar.com\/avatar\/07312af1e6e6c2016206f7e22ae5cbdfcd58cb046d7d931160512e68ac8a282e?s=96&d=mm&r=g","url":"https:\/\/secure.gravatar.com\/avatar\/07312af1e6e6c2016206f7e22ae5cbdfcd58cb046d7d931160512e68ac8a282e?s=96&d=mm&r=g","contentUrl":"https:\/\/secure.gravatar.com\/avatar\/07312af1e6e6c2016206f7e22ae5cbdfcd58cb046d7d931160512e68ac8a282e?s=96&d=mm&r=g","caption":"Laikrastis Lietuvis"},"description":"Lithuanian newspaper \u201cLietuvis\u201d The only in Ireland Lithuanian language newspaper since 2004.","sameAs":["http:\/\/www.lietuvis.ie"]}]}},"_links":{"self":[{"href":"https:\/\/lietuvis.ie\/en\/wp-json\/wp\/v2\/posts\/829","targetHints":{"allow":["GET"]}}],"collection":[{"href":"https:\/\/lietuvis.ie\/en\/wp-json\/wp\/v2\/posts"}],"about":[{"href":"https:\/\/lietuvis.ie\/en\/wp-json\/wp\/v2\/types\/post"}],"author":[{"embeddable":true,"href":"https:\/\/lietuvis.ie\/en\/wp-json\/wp\/v2\/users\/3"}],"replies":[{"embeddable":true,"href":"https:\/\/lietuvis.ie\/en\/wp-json\/wp\/v2\/comments?post=829"}],"version-history":[{"count":0,"href":"https:\/\/lietuvis.ie\/en\/wp-json\/wp\/v2\/posts\/829\/revisions"}],"wp:featuredmedia":[{"embeddable":true,"href":"https:\/\/lietuvis.ie\/en\/wp-json\/wp\/v2\/media\/830"}],"wp:attachment":[{"href":"https:\/\/lietuvis.ie\/en\/wp-json\/wp\/v2\/media?parent=829"}],"wp:term":[{"taxonomy":"category","embeddable":true,"href":"https:\/\/lietuvis.ie\/en\/wp-json\/wp\/v2\/categories?post=829"},{"taxonomy":"post_tag","embeddable":true,"href":"https:\/\/lietuvis.ie\/en\/wp-json\/wp\/v2\/tags?post=829"}],"curies":[{"name":"wp","href":"https:\/\/api.w.org\/{rel}","templated":true}]}}