{"id":36687,"date":"2025-11-13T15:42:35","date_gmt":"2025-11-13T15:42:35","guid":{"rendered":"https:\/\/lietuvis.ie\/?p=36687"},"modified":"2025-11-13T15:42:35","modified_gmt":"2025-11-13T15:42:35","slug":"kedainiuose-startuoja-jubiliejinis-simtasis-lietuvos-bokso-cempionatas","status":"publish","type":"post","link":"https:\/\/lietuvis.ie\/en\/kedainiuose-startuoja-jubiliejinis-simtasis-lietuvos-bokso-cempionatas\/","title":{"rendered":"K\u0117dainiuose startuoja jubiliejinis \u0161imtasis Lietuvos bokso \u010dempionatas"},"content":{"rendered":"<h1>Lapkri\u010dio 12\u201315 dienomis K\u0117daini\u0173 arenoje vyks jubiliejinis \u0161imtasis Lietuvos suaugusi\u0173j\u0173 bokso \u010dempionatas, kuriame var\u017eysis 67 paj\u0117giausi \u0161alies boksininkai \u2013 47 vyrai ir 20 moter\u0173.<\/h1>\n<p><img decoding=\"async\" class=\"aligncenter size-large wp-image-36688\" src=\"https:\/\/lietuvis.ie\/wp-content\/uploads\/2025\/11\/Bokso-1024x702.jpg\" alt=\"\" width=\"640\" height=\"439\" srcset=\"https:\/\/lietuvis.ie\/wp-content\/uploads\/2025\/11\/Bokso-1024x702.jpg 1024w, https:\/\/lietuvis.ie\/wp-content\/uploads\/2025\/11\/Bokso-300x206.jpg 300w, https:\/\/lietuvis.ie\/wp-content\/uploads\/2025\/11\/Bokso-768x526.jpg 768w, https:\/\/lietuvis.ie\/wp-content\/uploads\/2025\/11\/Bokso-1536x1053.jpg 1536w, https:\/\/lietuvis.ie\/wp-content\/uploads\/2025\/11\/Bokso-613x420.jpg 613w, https:\/\/lietuvis.ie\/wp-content\/uploads\/2025\/11\/Bokso-640x439.jpg 640w, https:\/\/lietuvis.ie\/wp-content\/uploads\/2025\/11\/Bokso-681x467.jpg 681w, https:\/\/lietuvis.ie\/wp-content\/uploads\/2025\/11\/Bokso-438x300.jpg 438w, https:\/\/lietuvis.ie\/wp-content\/uploads\/2025\/11\/Bokso-310x213.jpg 310w, https:\/\/lietuvis.ie\/wp-content\/uploads\/2025\/11\/Bokso-150x103.jpg 150w, https:\/\/lietuvis.ie\/wp-content\/uploads\/2025\/11\/Bokso.jpg 1784w\" sizes=\"(max-width: 640px) 100vw, 640px\" \/><\/p>\n<p>Pirm\u0105j\u0105 \u010dempionato dien\u0105 bokso m\u0117g\u0117jai gal\u0117s i\u0161vysti ir daugkartin\u0119 Europos \u010dempionat\u0173 prizinink\u0119 An\u0105 Starovoitov\u0105 (iki 60 kg). Klaip\u0117diet\u0117 pusfinalyje susitiks su Gerda \u0160ulskyte i\u0161 Panev\u0117\u017eio rajono.<\/p>\n<p>Atkaklios kovos laukiama ir tre\u010diadien\u012f vyksian\u010diame svorio kategorijos iki 65 kg ketvirtfinalyje tarp \u010dempionais jau anks\u010diau tapusi\u0173 marijampolie\u010dio Modesto \u017dmuidinos ir panev\u0117\u017eie\u010dio Andriejaus Lavrenovo.<\/p>\n<p>Vyrai boksininkai var\u017eysis de\u0161imtyje svorio kategorij\u0173, moterys \u2013 devyniose. Abiej\u0173 grupi\u0173 susitikimai truks identi\u0161k\u0105 laik\u0105 \u2013 3 raundus po 3 minutes. Skirsis atlet\u0173 ekipuot\u0117s \u2013 boksininkai kovos be veido apsaug\u0173, o sportinink\u0117s moterys prival\u0117s d\u0117v\u0117ti \u0161almus.<\/p>\n<p>Tre\u010diadien\u012f (lapkri\u010dio 12 d.) ir ketvirtadien\u012f (lapkri\u010dio 13 d.) nuo 16 val. bokso sporto \u0161akos myl\u0117toj\u0173 laukia preliminarios Lietuvos \u010dempionato kovos.<\/p>\n<p>Penktadien\u012f (lapkri\u010dio 14 d.) nuo 16 val. sportininkai var\u017eysis pusfinali\u0173 akistatose, o \u0161e\u0161tadien\u012f (lapkri\u010dio 15 d.) nuo 13 val. paj\u0117giausi \u0161alies boksininkai susitiks finalin\u0117se dvikovose.<\/p>\n<p>Visas Lietuvos bokso \u010dempionato kovas bokso aistruoliai gal\u0117s pamatyti nei\u0161\u0117j\u0119 i\u0161 nam\u0173 \u2013 \u0161alies pirmenybi\u0173 akistatos bus transliuojamos Lietuvos bokso federacijos feisbuko paskyroje.<\/p>\n","protected":false},"excerpt":{"rendered":"<p>Lapkri\u010dio 12\u201315 dienomis K\u0117daini\u0173 arenoje vyks jubiliejinis \u0161imtasis Lietuvos suaugusi\u0173j\u0173 bokso \u010dempionatas, kuriame var\u017eysis 67 paj\u0117giausi \u0161alies boksininkai \u2013 47 vyrai ir 20 moter\u0173. Pirm\u0105j\u0105 \u010dempionato dien\u0105 bokso m\u0117g\u0117jai gal\u0117s i\u0161vysti ir daugkartin\u0119 Europos \u010dempionat\u0173 prizinink\u0119 An\u0105 Starovoitov\u0105 (iki 60 kg). Klaip\u0117diet\u0117 pusfinalyje susitiks su Gerda \u0160ulskyte i\u0161 Panev\u0117\u017eio rajono. Atkaklios kovos laukiama ir tre\u010diadien\u012f [&hellip;]<\/p>\n","protected":false},"author":3,"featured_media":31246,"comment_status":"open","ping_status":"open","sticky":false,"template":"","format":"standard","meta":{"tdm_status":"","tdm_grid_status":"","footnotes":""},"categories":[4],"tags":[3499,226],"class_list":["post-36687","post","type-post","status-publish","format-standard","has-post-thumbnail","hentry","category-news","tag-bokso","tag-sportas"],"yoast_head":"<!-- This site is optimized with the Yoast SEO plugin v27.8 - https:\/\/yoast.com\/product\/yoast-seo-wordpress\/ -->\n<title>K\u0117dainiuose startuoja jubiliejinis \u0161imtasis Lietuvos bokso \u010dempionatas<\/title>\n<meta name=\"description\" content=\"Lapkri\u010dio 12\u201315 dienomis K\u0117daini\u0173 arenoje vyks jubiliejinis \u0161imtasis Lietuvos suaugusi\u0173j\u0173 bokso \u010dempionatas, kuriame var\u017eysis 67 paj\u0117giausi \u0161alies\" \/>\n<meta name=\"robots\" content=\"index, follow, max-snippet:-1, max-image-preview:large, max-video-preview:-1\" \/>\n<link rel=\"canonical\" href=\"https:\/\/lietuvis.ie\/en\/kedainiuose-startuoja-jubiliejinis-simtasis-lietuvos-bokso-cempionatas\/\" \/>\n<meta property=\"og:locale\" content=\"en_US\" \/>\n<meta property=\"og:locale:alternate\" content=\"lt_LT\" \/>\n<meta property=\"og:type\" content=\"article\" \/>\n<meta property=\"og:title\" content=\"K\u0117dainiuose startuoja jubiliejinis \u0161imtasis Lietuvos bokso \u010dempionatas\" \/>\n<meta property=\"og:description\" content=\"Lapkri\u010dio 12\u201315 dienomis K\u0117daini\u0173 arenoje vyks jubiliejinis \u0161imtasis Lietuvos suaugusi\u0173j\u0173 bokso \u010dempionatas, kuriame var\u017eysis 67 paj\u0117giausi \u0161alies\" \/>\n<meta property=\"og:url\" content=\"https:\/\/lietuvis.ie\/en\/kedainiuose-startuoja-jubiliejinis-simtasis-lietuvos-bokso-cempionatas\/\" \/>\n<meta property=\"og:site_name\" content=\"LIETUVIS\" \/>\n<meta property=\"article:publisher\" content=\"https:\/\/www.facebook.com\/lietuvis.laikrastis\" \/>\n<meta property=\"article:published_time\" content=\"2025-11-13T15:42:35+00:00\" \/>\n<meta property=\"og:image\" content=\"https:\/\/lietuvis.ie\/wp-content\/uploads\/2025\/11\/Bokso.jpg\" \/>\n\t<meta property=\"og:image:width\" content=\"1784\" \/>\n\t<meta property=\"og:image:height\" content=\"1223\" \/>\n\t<meta property=\"og:image:type\" content=\"image\/jpeg\" \/>\n<meta name=\"author\" content=\"Laikrastis Lietuvis\" \/>\n<meta name=\"twitter:card\" content=\"summary_large_image\" \/>\n<meta name=\"twitter:creator\" content=\"@Lietuvis_L\" \/>\n<meta name=\"twitter:site\" content=\"@Lietuvis_L\" \/>\n<meta name=\"twitter:label1\" content=\"Written by\" \/>\n\t<meta name=\"twitter:data1\" content=\"Laikrastis Lietuvis\" \/>\n\t<meta name=\"twitter:label2\" content=\"Est. reading time\" \/>\n\t<meta name=\"twitter:data2\" content=\"2 minutes\" \/>\n<script type=\"application\/ld+json\" class=\"yoast-schema-graph\">{\"@context\":\"https:\\\/\\\/schema.org\",\"@graph\":[{\"@type\":\"Article\",\"@id\":\"https:\\\/\\\/lietuvis.ie\\\/kedainiuose-startuoja-jubiliejinis-simtasis-lietuvos-bokso-cempionatas\\\/#article\",\"isPartOf\":{\"@id\":\"https:\\\/\\\/lietuvis.ie\\\/kedainiuose-startuoja-jubiliejinis-simtasis-lietuvos-bokso-cempionatas\\\/\"},\"author\":{\"name\":\"Laikrastis Lietuvis\",\"@id\":\"https:\\\/\\\/lietuvis.ie\\\/en\\\/#\\\/schema\\\/person\\\/b5bdfaa2a00d9b7510d7f9bb382fdd72\"},\"headline\":\"K\u0117dainiuose startuoja jubiliejinis \u0161imtasis Lietuvos bokso \u010dempionatas\",\"datePublished\":\"2025-11-13T15:42:35+00:00\",\"mainEntityOfPage\":{\"@id\":\"https:\\\/\\\/lietuvis.ie\\\/kedainiuose-startuoja-jubiliejinis-simtasis-lietuvos-bokso-cempionatas\\\/\"},\"wordCount\":207,\"commentCount\":0,\"publisher\":{\"@id\":\"https:\\\/\\\/lietuvis.ie\\\/en\\\/#organization\"},\"image\":{\"@id\":\"https:\\\/\\\/lietuvis.ie\\\/kedainiuose-startuoja-jubiliejinis-simtasis-lietuvos-bokso-cempionatas\\\/#primaryimage\"},\"thumbnailUrl\":\"https:\\\/\\\/lietuvis.ie\\\/wp-content\\\/uploads\\\/2023\\\/04\\\/Bokso.jpg\",\"keywords\":[\"Bokso\",\"Sportas\"],\"articleSection\":[\"News\"],\"inLanguage\":\"en-US\",\"potentialAction\":[{\"@type\":\"CommentAction\",\"name\":\"Comment\",\"target\":[\"https:\\\/\\\/lietuvis.ie\\\/kedainiuose-startuoja-jubiliejinis-simtasis-lietuvos-bokso-cempionatas\\\/#respond\"]}]},{\"@type\":\"WebPage\",\"@id\":\"https:\\\/\\\/lietuvis.ie\\\/kedainiuose-startuoja-jubiliejinis-simtasis-lietuvos-bokso-cempionatas\\\/\",\"url\":\"https:\\\/\\\/lietuvis.ie\\\/kedainiuose-startuoja-jubiliejinis-simtasis-lietuvos-bokso-cempionatas\\\/\",\"name\":\"K\u0117dainiuose startuoja jubiliejinis \u0161imtasis Lietuvos bokso \u010dempionatas\",\"isPartOf\":{\"@id\":\"https:\\\/\\\/lietuvis.ie\\\/en\\\/#website\"},\"primaryImageOfPage\":{\"@id\":\"https:\\\/\\\/lietuvis.ie\\\/kedainiuose-startuoja-jubiliejinis-simtasis-lietuvos-bokso-cempionatas\\\/#primaryimage\"},\"image\":{\"@id\":\"https:\\\/\\\/lietuvis.ie\\\/kedainiuose-startuoja-jubiliejinis-simtasis-lietuvos-bokso-cempionatas\\\/#primaryimage\"},\"thumbnailUrl\":\"https:\\\/\\\/lietuvis.ie\\\/wp-content\\\/uploads\\\/2023\\\/04\\\/Bokso.jpg\",\"datePublished\":\"2025-11-13T15:42:35+00:00\",\"description\":\"Lapkri\u010dio 12\u201315 dienomis K\u0117daini\u0173 arenoje vyks jubiliejinis \u0161imtasis Lietuvos suaugusi\u0173j\u0173 bokso \u010dempionatas, kuriame var\u017eysis 67 paj\u0117giausi \u0161alies\",\"breadcrumb\":{\"@id\":\"https:\\\/\\\/lietuvis.ie\\\/kedainiuose-startuoja-jubiliejinis-simtasis-lietuvos-bokso-cempionatas\\\/#breadcrumb\"},\"inLanguage\":\"en-US\",\"potentialAction\":[{\"@type\":\"ReadAction\",\"target\":[\"https:\\\/\\\/lietuvis.ie\\\/kedainiuose-startuoja-jubiliejinis-simtasis-lietuvos-bokso-cempionatas\\\/\"]}]},{\"@type\":\"ImageObject\",\"inLanguage\":\"en-US\",\"@id\":\"https:\\\/\\\/lietuvis.ie\\\/kedainiuose-startuoja-jubiliejinis-simtasis-lietuvos-bokso-cempionatas\\\/#primaryimage\",\"url\":\"https:\\\/\\\/lietuvis.ie\\\/wp-content\\\/uploads\\\/2023\\\/04\\\/Bokso.jpg\",\"contentUrl\":\"https:\\\/\\\/lietuvis.ie\\\/wp-content\\\/uploads\\\/2023\\\/04\\\/Bokso.jpg\",\"width\":1888,\"height\":1259},{\"@type\":\"BreadcrumbList\",\"@id\":\"https:\\\/\\\/lietuvis.ie\\\/kedainiuose-startuoja-jubiliejinis-simtasis-lietuvos-bokso-cempionatas\\\/#breadcrumb\",\"itemListElement\":[{\"@type\":\"ListItem\",\"position\":1,\"name\":\"Home\",\"item\":\"https:\\\/\\\/lietuvis.ie\\\/\"},{\"@type\":\"ListItem\",\"position\":2,\"name\":\"Naujienos\",\"item\":\"https:\\\/\\\/lietuvis.ie\\\/category\\\/news\\\/\"},{\"@type\":\"ListItem\",\"position\":3,\"name\":\"K\u0117dainiuose startuoja jubiliejinis \u0161imtasis Lietuvos bokso \u010dempionatas\"}]},{\"@type\":\"WebSite\",\"@id\":\"https:\\\/\\\/lietuvis.ie\\\/en\\\/#website\",\"url\":\"https:\\\/\\\/lietuvis.ie\\\/en\\\/\",\"name\":\"LIETUVIS\",\"description\":\"Lithuanian newspaper in Ireland\",\"publisher\":{\"@id\":\"https:\\\/\\\/lietuvis.ie\\\/en\\\/#organization\"},\"potentialAction\":[{\"@type\":\"SearchAction\",\"target\":{\"@type\":\"EntryPoint\",\"urlTemplate\":\"https:\\\/\\\/lietuvis.ie\\\/en\\\/?s={search_term_string}\"},\"query-input\":{\"@type\":\"PropertyValueSpecification\",\"valueRequired\":true,\"valueName\":\"search_term_string\"}}],\"inLanguage\":\"en-US\"},{\"@type\":\"Organization\",\"@id\":\"https:\\\/\\\/lietuvis.ie\\\/en\\\/#organization\",\"name\":\"Laikra\u0161tis \u201eLietuvis\u201c\",\"url\":\"https:\\\/\\\/lietuvis.ie\\\/en\\\/\",\"logo\":{\"@type\":\"ImageObject\",\"inLanguage\":\"en-US\",\"@id\":\"https:\\\/\\\/lietuvis.ie\\\/en\\\/#\\\/schema\\\/logo\\\/image\\\/\",\"url\":\"https:\\\/\\\/www.lietuvis.ie\\\/wp-content\\\/uploads\\\/2020\\\/12\\\/logo_psd_460x180.png\",\"contentUrl\":\"https:\\\/\\\/www.lietuvis.ie\\\/wp-content\\\/uploads\\\/2020\\\/12\\\/logo_psd_460x180.png\",\"width\":460,\"height\":180,\"caption\":\"Laikra\u0161tis \u201eLietuvis\u201c\"},\"image\":{\"@id\":\"https:\\\/\\\/lietuvis.ie\\\/en\\\/#\\\/schema\\\/logo\\\/image\\\/\"},\"sameAs\":[\"https:\\\/\\\/www.facebook.com\\\/lietuvis.laikrastis\",\"https:\\\/\\\/x.com\\\/Lietuvis_L\",\"https:\\\/\\\/www.linkedin.com\\\/company\\\/73914702\\\/\"]},{\"@type\":\"Person\",\"@id\":\"https:\\\/\\\/lietuvis.ie\\\/en\\\/#\\\/schema\\\/person\\\/b5bdfaa2a00d9b7510d7f9bb382fdd72\",\"name\":\"Laikrastis Lietuvis\",\"image\":{\"@type\":\"ImageObject\",\"inLanguage\":\"en-US\",\"@id\":\"https:\\\/\\\/secure.gravatar.com\\\/avatar\\\/07312af1e6e6c2016206f7e22ae5cbdfcd58cb046d7d931160512e68ac8a282e?s=96&d=mm&r=g\",\"url\":\"https:\\\/\\\/secure.gravatar.com\\\/avatar\\\/07312af1e6e6c2016206f7e22ae5cbdfcd58cb046d7d931160512e68ac8a282e?s=96&d=mm&r=g\",\"contentUrl\":\"https:\\\/\\\/secure.gravatar.com\\\/avatar\\\/07312af1e6e6c2016206f7e22ae5cbdfcd58cb046d7d931160512e68ac8a282e?s=96&d=mm&r=g\",\"caption\":\"Laikrastis Lietuvis\"},\"description\":\"Lithuanian newspaper \u201cLietuvis\u201d The only in Ireland Lithuanian language newspaper since 2004.\",\"sameAs\":[\"http:\\\/\\\/www.lietuvis.ie\"]}]}<\/script>\n<!-- \/ Yoast SEO plugin. -->","yoast_head_json":{"title":"K\u0117dainiuose startuoja jubiliejinis \u0161imtasis Lietuvos bokso \u010dempionatas","description":"Lapkri\u010dio 12\u201315 dienomis K\u0117daini\u0173 arenoje vyks jubiliejinis \u0161imtasis Lietuvos suaugusi\u0173j\u0173 bokso \u010dempionatas, kuriame var\u017eysis 67 paj\u0117giausi \u0161alies","robots":{"index":"index","follow":"follow","max-snippet":"max-snippet:-1","max-image-preview":"max-image-preview:large","max-video-preview":"max-video-preview:-1"},"canonical":"https:\/\/lietuvis.ie\/en\/kedainiuose-startuoja-jubiliejinis-simtasis-lietuvos-bokso-cempionatas\/","og_locale":"en_US","og_type":"article","og_title":"[:lt]K\u0117dainiuose startuoja jubiliejinis \u0161imtasis Lietuvos bokso \u010dempionatas[:]","og_description":"Lapkri\u010dio 12\u201315 dienomis K\u0117daini\u0173 arenoje vyks jubiliejinis \u0161imtasis Lietuvos suaugusi\u0173j\u0173 bokso \u010dempionatas, kuriame var\u017eysis 67 paj\u0117giausi \u0161alies","og_url":"https:\/\/lietuvis.ie\/en\/kedainiuose-startuoja-jubiliejinis-simtasis-lietuvos-bokso-cempionatas\/","og_site_name":"LIETUVIS","article_publisher":"https:\/\/www.facebook.com\/lietuvis.laikrastis","article_published_time":"2025-11-13T15:42:35+00:00","og_image":[{"width":1784,"height":1223,"url":"https:\/\/lietuvis.ie\/wp-content\/uploads\/2025\/11\/Bokso.jpg","type":"image\/jpeg"}],"author":"Laikrastis Lietuvis","twitter_card":"summary_large_image","twitter_creator":"@Lietuvis_L","twitter_site":"@Lietuvis_L","twitter_misc":{"Written by":"Laikrastis Lietuvis","Est. reading time":"2 minutes"},"schema":{"@context":"https:\/\/schema.org","@graph":[{"@type":"Article","@id":"https:\/\/lietuvis.ie\/kedainiuose-startuoja-jubiliejinis-simtasis-lietuvos-bokso-cempionatas\/#article","isPartOf":{"@id":"https:\/\/lietuvis.ie\/kedainiuose-startuoja-jubiliejinis-simtasis-lietuvos-bokso-cempionatas\/"},"author":{"name":"Laikrastis Lietuvis","@id":"https:\/\/lietuvis.ie\/en\/#\/schema\/person\/b5bdfaa2a00d9b7510d7f9bb382fdd72"},"headline":"K\u0117dainiuose startuoja jubiliejinis \u0161imtasis Lietuvos bokso \u010dempionatas","datePublished":"2025-11-13T15:42:35+00:00","mainEntityOfPage":{"@id":"https:\/\/lietuvis.ie\/kedainiuose-startuoja-jubiliejinis-simtasis-lietuvos-bokso-cempionatas\/"},"wordCount":207,"commentCount":0,"publisher":{"@id":"https:\/\/lietuvis.ie\/en\/#organization"},"image":{"@id":"https:\/\/lietuvis.ie\/kedainiuose-startuoja-jubiliejinis-simtasis-lietuvos-bokso-cempionatas\/#primaryimage"},"thumbnailUrl":"https:\/\/lietuvis.ie\/wp-content\/uploads\/2023\/04\/Bokso.jpg","keywords":["Bokso","Sportas"],"articleSection":["News"],"inLanguage":"en-US","potentialAction":[{"@type":"CommentAction","name":"Comment","target":["https:\/\/lietuvis.ie\/kedainiuose-startuoja-jubiliejinis-simtasis-lietuvos-bokso-cempionatas\/#respond"]}]},{"@type":"WebPage","@id":"https:\/\/lietuvis.ie\/kedainiuose-startuoja-jubiliejinis-simtasis-lietuvos-bokso-cempionatas\/","url":"https:\/\/lietuvis.ie\/kedainiuose-startuoja-jubiliejinis-simtasis-lietuvos-bokso-cempionatas\/","name":"K\u0117dainiuose startuoja jubiliejinis \u0161imtasis Lietuvos bokso \u010dempionatas","isPartOf":{"@id":"https:\/\/lietuvis.ie\/en\/#website"},"primaryImageOfPage":{"@id":"https:\/\/lietuvis.ie\/kedainiuose-startuoja-jubiliejinis-simtasis-lietuvos-bokso-cempionatas\/#primaryimage"},"image":{"@id":"https:\/\/lietuvis.ie\/kedainiuose-startuoja-jubiliejinis-simtasis-lietuvos-bokso-cempionatas\/#primaryimage"},"thumbnailUrl":"https:\/\/lietuvis.ie\/wp-content\/uploads\/2023\/04\/Bokso.jpg","datePublished":"2025-11-13T15:42:35+00:00","description":"Lapkri\u010dio 12\u201315 dienomis K\u0117daini\u0173 arenoje vyks jubiliejinis \u0161imtasis Lietuvos suaugusi\u0173j\u0173 bokso \u010dempionatas, kuriame var\u017eysis 67 paj\u0117giausi \u0161alies","breadcrumb":{"@id":"https:\/\/lietuvis.ie\/kedainiuose-startuoja-jubiliejinis-simtasis-lietuvos-bokso-cempionatas\/#breadcrumb"},"inLanguage":"en-US","potentialAction":[{"@type":"ReadAction","target":["https:\/\/lietuvis.ie\/kedainiuose-startuoja-jubiliejinis-simtasis-lietuvos-bokso-cempionatas\/"]}]},{"@type":"ImageObject","inLanguage":"en-US","@id":"https:\/\/lietuvis.ie\/kedainiuose-startuoja-jubiliejinis-simtasis-lietuvos-bokso-cempionatas\/#primaryimage","url":"https:\/\/lietuvis.ie\/wp-content\/uploads\/2023\/04\/Bokso.jpg","contentUrl":"https:\/\/lietuvis.ie\/wp-content\/uploads\/2023\/04\/Bokso.jpg","width":1888,"height":1259},{"@type":"BreadcrumbList","@id":"https:\/\/lietuvis.ie\/kedainiuose-startuoja-jubiliejinis-simtasis-lietuvos-bokso-cempionatas\/#breadcrumb","itemListElement":[{"@type":"ListItem","position":1,"name":"Home","item":"https:\/\/lietuvis.ie\/"},{"@type":"ListItem","position":2,"name":"Naujienos","item":"https:\/\/lietuvis.ie\/category\/news\/"},{"@type":"ListItem","position":3,"name":"K\u0117dainiuose startuoja jubiliejinis \u0161imtasis Lietuvos bokso \u010dempionatas"}]},{"@type":"WebSite","@id":"https:\/\/lietuvis.ie\/en\/#website","url":"https:\/\/lietuvis.ie\/en\/","name":"LIETUVIS","description":"Lithuanian newspaper in Ireland","publisher":{"@id":"https:\/\/lietuvis.ie\/en\/#organization"},"potentialAction":[{"@type":"SearchAction","target":{"@type":"EntryPoint","urlTemplate":"https:\/\/lietuvis.ie\/en\/?s={search_term_string}"},"query-input":{"@type":"PropertyValueSpecification","valueRequired":true,"valueName":"search_term_string"}}],"inLanguage":"en-US"},{"@type":"Organization","@id":"https:\/\/lietuvis.ie\/en\/#organization","name":"Laikra\u0161tis \u201eLietuvis\u201c","url":"https:\/\/lietuvis.ie\/en\/","logo":{"@type":"ImageObject","inLanguage":"en-US","@id":"https:\/\/lietuvis.ie\/en\/#\/schema\/logo\/image\/","url":"https:\/\/www.lietuvis.ie\/wp-content\/uploads\/2020\/12\/logo_psd_460x180.png","contentUrl":"https:\/\/www.lietuvis.ie\/wp-content\/uploads\/2020\/12\/logo_psd_460x180.png","width":460,"height":180,"caption":"Laikra\u0161tis \u201eLietuvis\u201c"},"image":{"@id":"https:\/\/lietuvis.ie\/en\/#\/schema\/logo\/image\/"},"sameAs":["https:\/\/www.facebook.com\/lietuvis.laikrastis","https:\/\/x.com\/Lietuvis_L","https:\/\/www.linkedin.com\/company\/73914702\/"]},{"@type":"Person","@id":"https:\/\/lietuvis.ie\/en\/#\/schema\/person\/b5bdfaa2a00d9b7510d7f9bb382fdd72","name":"Laikrastis Lietuvis","image":{"@type":"ImageObject","inLanguage":"en-US","@id":"https:\/\/secure.gravatar.com\/avatar\/07312af1e6e6c2016206f7e22ae5cbdfcd58cb046d7d931160512e68ac8a282e?s=96&d=mm&r=g","url":"https:\/\/secure.gravatar.com\/avatar\/07312af1e6e6c2016206f7e22ae5cbdfcd58cb046d7d931160512e68ac8a282e?s=96&d=mm&r=g","contentUrl":"https:\/\/secure.gravatar.com\/avatar\/07312af1e6e6c2016206f7e22ae5cbdfcd58cb046d7d931160512e68ac8a282e?s=96&d=mm&r=g","caption":"Laikrastis Lietuvis"},"description":"Lithuanian newspaper \u201cLietuvis\u201d The only in Ireland Lithuanian language newspaper since 2004.","sameAs":["http:\/\/www.lietuvis.ie"]}]}},"_links":{"self":[{"href":"https:\/\/lietuvis.ie\/en\/wp-json\/wp\/v2\/posts\/36687","targetHints":{"allow":["GET"]}}],"collection":[{"href":"https:\/\/lietuvis.ie\/en\/wp-json\/wp\/v2\/posts"}],"about":[{"href":"https:\/\/lietuvis.ie\/en\/wp-json\/wp\/v2\/types\/post"}],"author":[{"embeddable":true,"href":"https:\/\/lietuvis.ie\/en\/wp-json\/wp\/v2\/users\/3"}],"replies":[{"embeddable":true,"href":"https:\/\/lietuvis.ie\/en\/wp-json\/wp\/v2\/comments?post=36687"}],"version-history":[{"count":1,"href":"https:\/\/lietuvis.ie\/en\/wp-json\/wp\/v2\/posts\/36687\/revisions"}],"predecessor-version":[{"id":36689,"href":"https:\/\/lietuvis.ie\/en\/wp-json\/wp\/v2\/posts\/36687\/revisions\/36689"}],"wp:featuredmedia":[{"embeddable":true,"href":"https:\/\/lietuvis.ie\/en\/wp-json\/wp\/v2\/media\/31246"}],"wp:attachment":[{"href":"https:\/\/lietuvis.ie\/en\/wp-json\/wp\/v2\/media?parent=36687"}],"wp:term":[{"taxonomy":"category","embeddable":true,"href":"https:\/\/lietuvis.ie\/en\/wp-json\/wp\/v2\/categories?post=36687"},{"taxonomy":"post_tag","embeddable":true,"href":"https:\/\/lietuvis.ie\/en\/wp-json\/wp\/v2\/tags?post=36687"}],"curies":[{"name":"wp","href":"https:\/\/api.w.org\/{rel}","templated":true}]}}