{"id":3497,"date":"2019-01-15T14:42:46","date_gmt":"2019-01-15T14:42:46","guid":{"rendered":"http:\/\/www.lietuvis.ie\/?p=3497"},"modified":"2019-01-15T14:42:46","modified_gmt":"2019-01-15T14:42:46","slug":"garda-ir-artimieji-pakartotinai-praso-informacijos-apie","status":"publish","type":"post","link":"https:\/\/lietuvis.ie\/en\/garda-ir-artimieji-pakartotinai-praso-informacijos-apie\/","title":{"rendered":"Garda ir artimieji pakartotinai pra\u0161o informacijos apie dingus\u012f lietuv\u012f"},"content":{"rendered":"<p>Garda ir artimieji pakartotinai pra\u0161o visuomen\u0117s informacijos apie dingus\u012f\u00a028-eri\u0173 met\u0173 lietuv\u012f Tom\u0105 Martink\u0173.<\/p>\n<p><img decoding=\"async\" class=\"aligncenter wp-image-3503\" src=\"http:\/\/www.lietuvis.ie\/wp-content\/uploads\/2019\/01\/dinges-1.jpg\" alt=\"\" width=\"500\" height=\"281\" \/><\/p>\n<p>Dingusio vyro artimieji laikra\u0161\u010diui &#8220;Lietuvis&#8221; ra\u0161\u0117, kad Tomas dingo 2018 metais i\u0161 gruod\u017eio 18-osios nakties \u012f gruod\u017eio 19-osios ryt\u0105, Strokestown, Roscommon, kur jis gyveno pastaruosius dvejus metus.<\/p>\n<p>Pasak &#8220;Shannon Side&#8221; i\u0161platintos informacijos, vyr\u0105 paskutin\u012f kart\u0105 mat\u0117 antradienio vakar\u0105, apie 21 val.,\u00a0 mieste. Jis vilk\u0117jo juod\u0105 su kapi\u0161onu megztin\u012f, juodas treningines kelnes ir buvo be bat\u0173.<\/p>\n<p>Artimieji sako, kad jis gruod\u017eio 19 d., tre\u010diadien\u012f, ma\u017edaug nuo\u00a05 iki 8 val. ryto buvo namuose, o kiek v\u0117liau jo buvo pasigesta.<\/p>\n<p>Garda pra\u0161o vis\u0173, kurie mat\u0117 Tom\u0105 arba k\u0105 nors \u017eino apie jo buvimo viet\u0105, paskambinti pareig\u016bnams \u012f\u00a0Castlerea tel: 094-9620019.<\/p>\n<p>&#8220;Shannon Side&#8221;: https:\/\/www.shannonside.ie\/news\/local\/roscommon\/concern-expressed-man-missing-strokestown-since-tuesday-evening\/?fbclid=IwAR0Cjs0oPIYy8qxF8Oklh2RaA8vIyOtzAlcy00MSHg5YCHBCsdo1jMJ3mz8<\/p>\n<p>&nbsp;<\/p>\n<p>&nbsp;<\/p>\n<p>&nbsp;<\/p>\n<p>&nbsp;<\/p>\n","protected":false},"excerpt":{"rendered":"<p>Garda ir artimieji pakartotinai pra\u0161o visuomen\u0117s informacijos apie dingus\u012f\u00a028-eri\u0173 met\u0173 lietuv\u012f Tom\u0105 Martink\u0173. Dingusio vyro artimieji laikra\u0161\u010diui &#8220;Lietuvis&#8221; ra\u0161\u0117, kad Tomas dingo 2018 metais i\u0161 gruod\u017eio 18-osios nakties \u012f gruod\u017eio 19-osios ryt\u0105, Strokestown, Roscommon, kur jis gyveno pastaruosius dvejus metus. Pasak &#8220;Shannon Side&#8221; i\u0161platintos informacijos, vyr\u0105 paskutin\u012f kart\u0105 mat\u0117 antradienio vakar\u0105, apie 21 val.,\u00a0 mieste. [&hellip;]<\/p>\n","protected":false},"author":3,"featured_media":3502,"comment_status":"closed","ping_status":"closed","sticky":false,"template":"","format":"standard","meta":{"tdm_status":"","tdm_grid_status":"","footnotes":""},"categories":[4],"tags":[],"class_list":["post-3497","post","type-post","status-publish","format-standard","has-post-thumbnail","hentry","category-news"],"yoast_head":"<!-- This site is optimized with the Yoast SEO plugin v27.8 - https:\/\/yoast.com\/product\/yoast-seo-wordpress\/ -->\n<title>Garda ir artimieji pakartotinai pra\u0161o informacijos apie dingus\u012f lietuv\u012f<\/title>\n<meta name=\"description\" content=\"Garda ir artimieji pakartotinai pra\u0161o visuomen\u0117s informacijos apie dingus\u012f\u00a028-eri\u0173 met\u0173 lietuv\u012f Tom\u0105 Martink\u0173. Dingusio vyro artimieji laikra\u0161\u010diui\" \/>\n<meta name=\"robots\" content=\"index, follow, max-snippet:-1, max-image-preview:large, max-video-preview:-1\" \/>\n<link rel=\"canonical\" href=\"https:\/\/lietuvis.ie\/en\/garda-ir-artimieji-pakartotinai-praso-informacijos-apie\/\" \/>\n<meta property=\"og:locale\" content=\"en_US\" \/>\n<meta property=\"og:locale:alternate\" content=\"lt_LT\" \/>\n<meta property=\"og:type\" content=\"article\" \/>\n<meta property=\"og:title\" content=\"Garda ir artimieji pakartotinai pra\u0161o informacijos apie dingus\u012f lietuv\u012f\" \/>\n<meta property=\"og:description\" content=\"Garda ir artimieji pakartotinai pra\u0161o visuomen\u0117s informacijos apie dingus\u012f\u00a028-eri\u0173 met\u0173 lietuv\u012f Tom\u0105 Martink\u0173. Dingusio vyro artimieji laikra\u0161\u010diui\" \/>\n<meta property=\"og:url\" content=\"https:\/\/lietuvis.ie\/en\/garda-ir-artimieji-pakartotinai-praso-informacijos-apie\/\" \/>\n<meta property=\"og:site_name\" content=\"LIETUVIS\" \/>\n<meta property=\"article:publisher\" content=\"https:\/\/www.facebook.com\/lietuvis.laikrastis\" \/>\n<meta property=\"article:published_time\" content=\"2019-01-15T14:42:46+00:00\" \/>\n<meta property=\"og:image\" content=\"https:\/\/lietuvis.ie\/wp-content\/uploads\/2019\/01\/dinges-tomas.jpg\" \/>\n\t<meta property=\"og:image:width\" content=\"750\" \/>\n\t<meta property=\"og:image:height\" content=\"563\" \/>\n\t<meta property=\"og:image:type\" content=\"image\/jpeg\" \/>\n<meta name=\"author\" content=\"Laikrastis Lietuvis\" \/>\n<meta name=\"twitter:card\" content=\"summary_large_image\" \/>\n<meta name=\"twitter:creator\" content=\"@Lietuvis_L\" \/>\n<meta name=\"twitter:site\" content=\"@Lietuvis_L\" \/>\n<meta name=\"twitter:label1\" content=\"Written by\" \/>\n\t<meta name=\"twitter:data1\" content=\"Laikrastis Lietuvis\" \/>\n\t<meta name=\"twitter:label2\" content=\"Est. reading time\" \/>\n\t<meta name=\"twitter:data2\" content=\"1 minute\" \/>\n<script type=\"application\/ld+json\" class=\"yoast-schema-graph\">{\"@context\":\"https:\\\/\\\/schema.org\",\"@graph\":[{\"@type\":\"Article\",\"@id\":\"https:\\\/\\\/lietuvis.ie\\\/garda-ir-artimieji-pakartotinai-praso-informacijos-apie\\\/#article\",\"isPartOf\":{\"@id\":\"https:\\\/\\\/lietuvis.ie\\\/garda-ir-artimieji-pakartotinai-praso-informacijos-apie\\\/\"},\"author\":{\"name\":\"Laikrastis Lietuvis\",\"@id\":\"https:\\\/\\\/lietuvis.ie\\\/en\\\/#\\\/schema\\\/person\\\/b5bdfaa2a00d9b7510d7f9bb382fdd72\"},\"headline\":\"Garda ir artimieji pakartotinai pra\u0161o informacijos apie dingus\u012f lietuv\u012f\",\"datePublished\":\"2019-01-15T14:42:46+00:00\",\"mainEntityOfPage\":{\"@id\":\"https:\\\/\\\/lietuvis.ie\\\/garda-ir-artimieji-pakartotinai-praso-informacijos-apie\\\/\"},\"wordCount\":157,\"publisher\":{\"@id\":\"https:\\\/\\\/lietuvis.ie\\\/en\\\/#organization\"},\"image\":{\"@id\":\"https:\\\/\\\/lietuvis.ie\\\/garda-ir-artimieji-pakartotinai-praso-informacijos-apie\\\/#primaryimage\"},\"thumbnailUrl\":\"https:\\\/\\\/lietuvis.ie\\\/wp-content\\\/uploads\\\/2019\\\/01\\\/dinges-tomas.jpg\",\"articleSection\":[\"News\"],\"inLanguage\":\"en-US\"},{\"@type\":\"WebPage\",\"@id\":\"https:\\\/\\\/lietuvis.ie\\\/garda-ir-artimieji-pakartotinai-praso-informacijos-apie\\\/\",\"url\":\"https:\\\/\\\/lietuvis.ie\\\/garda-ir-artimieji-pakartotinai-praso-informacijos-apie\\\/\",\"name\":\"Garda ir artimieji pakartotinai pra\u0161o informacijos apie dingus\u012f lietuv\u012f\",\"isPartOf\":{\"@id\":\"https:\\\/\\\/lietuvis.ie\\\/en\\\/#website\"},\"primaryImageOfPage\":{\"@id\":\"https:\\\/\\\/lietuvis.ie\\\/garda-ir-artimieji-pakartotinai-praso-informacijos-apie\\\/#primaryimage\"},\"image\":{\"@id\":\"https:\\\/\\\/lietuvis.ie\\\/garda-ir-artimieji-pakartotinai-praso-informacijos-apie\\\/#primaryimage\"},\"thumbnailUrl\":\"https:\\\/\\\/lietuvis.ie\\\/wp-content\\\/uploads\\\/2019\\\/01\\\/dinges-tomas.jpg\",\"datePublished\":\"2019-01-15T14:42:46+00:00\",\"description\":\"Garda ir artimieji pakartotinai pra\u0161o visuomen\u0117s informacijos apie dingus\u012f\u00a028-eri\u0173 met\u0173 lietuv\u012f Tom\u0105 Martink\u0173. Dingusio vyro artimieji laikra\u0161\u010diui\",\"breadcrumb\":{\"@id\":\"https:\\\/\\\/lietuvis.ie\\\/garda-ir-artimieji-pakartotinai-praso-informacijos-apie\\\/#breadcrumb\"},\"inLanguage\":\"en-US\",\"potentialAction\":[{\"@type\":\"ReadAction\",\"target\":[\"https:\\\/\\\/lietuvis.ie\\\/garda-ir-artimieji-pakartotinai-praso-informacijos-apie\\\/\"]}]},{\"@type\":\"ImageObject\",\"inLanguage\":\"en-US\",\"@id\":\"https:\\\/\\\/lietuvis.ie\\\/garda-ir-artimieji-pakartotinai-praso-informacijos-apie\\\/#primaryimage\",\"url\":\"https:\\\/\\\/lietuvis.ie\\\/wp-content\\\/uploads\\\/2019\\\/01\\\/dinges-tomas.jpg\",\"contentUrl\":\"https:\\\/\\\/lietuvis.ie\\\/wp-content\\\/uploads\\\/2019\\\/01\\\/dinges-tomas.jpg\",\"width\":750,\"height\":563},{\"@type\":\"BreadcrumbList\",\"@id\":\"https:\\\/\\\/lietuvis.ie\\\/garda-ir-artimieji-pakartotinai-praso-informacijos-apie\\\/#breadcrumb\",\"itemListElement\":[{\"@type\":\"ListItem\",\"position\":1,\"name\":\"Home\",\"item\":\"https:\\\/\\\/lietuvis.ie\\\/\"},{\"@type\":\"ListItem\",\"position\":2,\"name\":\"Naujienos\",\"item\":\"https:\\\/\\\/lietuvis.ie\\\/category\\\/news\\\/\"},{\"@type\":\"ListItem\",\"position\":3,\"name\":\"Garda ir artimieji pakartotinai pra\u0161o informacijos apie dingus\u012f lietuv\u012f\"}]},{\"@type\":\"WebSite\",\"@id\":\"https:\\\/\\\/lietuvis.ie\\\/en\\\/#website\",\"url\":\"https:\\\/\\\/lietuvis.ie\\\/en\\\/\",\"name\":\"LIETUVIS\",\"description\":\"Lithuanian newspaper in Ireland\",\"publisher\":{\"@id\":\"https:\\\/\\\/lietuvis.ie\\\/en\\\/#organization\"},\"potentialAction\":[{\"@type\":\"SearchAction\",\"target\":{\"@type\":\"EntryPoint\",\"urlTemplate\":\"https:\\\/\\\/lietuvis.ie\\\/en\\\/?s={search_term_string}\"},\"query-input\":{\"@type\":\"PropertyValueSpecification\",\"valueRequired\":true,\"valueName\":\"search_term_string\"}}],\"inLanguage\":\"en-US\"},{\"@type\":\"Organization\",\"@id\":\"https:\\\/\\\/lietuvis.ie\\\/en\\\/#organization\",\"name\":\"Laikra\u0161tis \u201eLietuvis\u201c\",\"url\":\"https:\\\/\\\/lietuvis.ie\\\/en\\\/\",\"logo\":{\"@type\":\"ImageObject\",\"inLanguage\":\"en-US\",\"@id\":\"https:\\\/\\\/lietuvis.ie\\\/en\\\/#\\\/schema\\\/logo\\\/image\\\/\",\"url\":\"https:\\\/\\\/www.lietuvis.ie\\\/wp-content\\\/uploads\\\/2020\\\/12\\\/logo_psd_460x180.png\",\"contentUrl\":\"https:\\\/\\\/www.lietuvis.ie\\\/wp-content\\\/uploads\\\/2020\\\/12\\\/logo_psd_460x180.png\",\"width\":460,\"height\":180,\"caption\":\"Laikra\u0161tis \u201eLietuvis\u201c\"},\"image\":{\"@id\":\"https:\\\/\\\/lietuvis.ie\\\/en\\\/#\\\/schema\\\/logo\\\/image\\\/\"},\"sameAs\":[\"https:\\\/\\\/www.facebook.com\\\/lietuvis.laikrastis\",\"https:\\\/\\\/x.com\\\/Lietuvis_L\",\"https:\\\/\\\/www.linkedin.com\\\/company\\\/73914702\\\/\"]},{\"@type\":\"Person\",\"@id\":\"https:\\\/\\\/lietuvis.ie\\\/en\\\/#\\\/schema\\\/person\\\/b5bdfaa2a00d9b7510d7f9bb382fdd72\",\"name\":\"Laikrastis Lietuvis\",\"image\":{\"@type\":\"ImageObject\",\"inLanguage\":\"en-US\",\"@id\":\"https:\\\/\\\/secure.gravatar.com\\\/avatar\\\/07312af1e6e6c2016206f7e22ae5cbdfcd58cb046d7d931160512e68ac8a282e?s=96&d=mm&r=g\",\"url\":\"https:\\\/\\\/secure.gravatar.com\\\/avatar\\\/07312af1e6e6c2016206f7e22ae5cbdfcd58cb046d7d931160512e68ac8a282e?s=96&d=mm&r=g\",\"contentUrl\":\"https:\\\/\\\/secure.gravatar.com\\\/avatar\\\/07312af1e6e6c2016206f7e22ae5cbdfcd58cb046d7d931160512e68ac8a282e?s=96&d=mm&r=g\",\"caption\":\"Laikrastis Lietuvis\"},\"description\":\"Lithuanian newspaper \u201cLietuvis\u201d The only in Ireland Lithuanian language newspaper since 2004.\",\"sameAs\":[\"http:\\\/\\\/www.lietuvis.ie\"]}]}<\/script>\n<!-- \/ Yoast SEO plugin. -->","yoast_head_json":{"title":"Garda ir artimieji pakartotinai pra\u0161o informacijos apie dingus\u012f lietuv\u012f","description":"Garda ir artimieji pakartotinai pra\u0161o visuomen\u0117s informacijos apie dingus\u012f\u00a028-eri\u0173 met\u0173 lietuv\u012f Tom\u0105 Martink\u0173. Dingusio vyro artimieji laikra\u0161\u010diui","robots":{"index":"index","follow":"follow","max-snippet":"max-snippet:-1","max-image-preview":"max-image-preview:large","max-video-preview":"max-video-preview:-1"},"canonical":"https:\/\/lietuvis.ie\/en\/garda-ir-artimieji-pakartotinai-praso-informacijos-apie\/","og_locale":"en_US","og_type":"article","og_title":"[:lt]Garda ir artimieji pakartotinai pra\u0161o informacijos apie dingus\u012f lietuv\u012f[:]","og_description":"Garda ir artimieji pakartotinai pra\u0161o visuomen\u0117s informacijos apie dingus\u012f\u00a028-eri\u0173 met\u0173 lietuv\u012f Tom\u0105 Martink\u0173. Dingusio vyro artimieji laikra\u0161\u010diui","og_url":"https:\/\/lietuvis.ie\/en\/garda-ir-artimieji-pakartotinai-praso-informacijos-apie\/","og_site_name":"LIETUVIS","article_publisher":"https:\/\/www.facebook.com\/lietuvis.laikrastis","article_published_time":"2019-01-15T14:42:46+00:00","og_image":[{"width":750,"height":563,"url":"https:\/\/lietuvis.ie\/wp-content\/uploads\/2019\/01\/dinges-tomas.jpg","type":"image\/jpeg"}],"author":"Laikrastis Lietuvis","twitter_card":"summary_large_image","twitter_creator":"@Lietuvis_L","twitter_site":"@Lietuvis_L","twitter_misc":{"Written by":"Laikrastis Lietuvis","Est. reading time":"1 minute"},"schema":{"@context":"https:\/\/schema.org","@graph":[{"@type":"Article","@id":"https:\/\/lietuvis.ie\/garda-ir-artimieji-pakartotinai-praso-informacijos-apie\/#article","isPartOf":{"@id":"https:\/\/lietuvis.ie\/garda-ir-artimieji-pakartotinai-praso-informacijos-apie\/"},"author":{"name":"Laikrastis Lietuvis","@id":"https:\/\/lietuvis.ie\/en\/#\/schema\/person\/b5bdfaa2a00d9b7510d7f9bb382fdd72"},"headline":"Garda ir artimieji pakartotinai pra\u0161o informacijos apie dingus\u012f lietuv\u012f","datePublished":"2019-01-15T14:42:46+00:00","mainEntityOfPage":{"@id":"https:\/\/lietuvis.ie\/garda-ir-artimieji-pakartotinai-praso-informacijos-apie\/"},"wordCount":157,"publisher":{"@id":"https:\/\/lietuvis.ie\/en\/#organization"},"image":{"@id":"https:\/\/lietuvis.ie\/garda-ir-artimieji-pakartotinai-praso-informacijos-apie\/#primaryimage"},"thumbnailUrl":"https:\/\/lietuvis.ie\/wp-content\/uploads\/2019\/01\/dinges-tomas.jpg","articleSection":["News"],"inLanguage":"en-US"},{"@type":"WebPage","@id":"https:\/\/lietuvis.ie\/garda-ir-artimieji-pakartotinai-praso-informacijos-apie\/","url":"https:\/\/lietuvis.ie\/garda-ir-artimieji-pakartotinai-praso-informacijos-apie\/","name":"Garda ir artimieji pakartotinai pra\u0161o informacijos apie dingus\u012f lietuv\u012f","isPartOf":{"@id":"https:\/\/lietuvis.ie\/en\/#website"},"primaryImageOfPage":{"@id":"https:\/\/lietuvis.ie\/garda-ir-artimieji-pakartotinai-praso-informacijos-apie\/#primaryimage"},"image":{"@id":"https:\/\/lietuvis.ie\/garda-ir-artimieji-pakartotinai-praso-informacijos-apie\/#primaryimage"},"thumbnailUrl":"https:\/\/lietuvis.ie\/wp-content\/uploads\/2019\/01\/dinges-tomas.jpg","datePublished":"2019-01-15T14:42:46+00:00","description":"Garda ir artimieji pakartotinai pra\u0161o visuomen\u0117s informacijos apie dingus\u012f\u00a028-eri\u0173 met\u0173 lietuv\u012f Tom\u0105 Martink\u0173. Dingusio vyro artimieji laikra\u0161\u010diui","breadcrumb":{"@id":"https:\/\/lietuvis.ie\/garda-ir-artimieji-pakartotinai-praso-informacijos-apie\/#breadcrumb"},"inLanguage":"en-US","potentialAction":[{"@type":"ReadAction","target":["https:\/\/lietuvis.ie\/garda-ir-artimieji-pakartotinai-praso-informacijos-apie\/"]}]},{"@type":"ImageObject","inLanguage":"en-US","@id":"https:\/\/lietuvis.ie\/garda-ir-artimieji-pakartotinai-praso-informacijos-apie\/#primaryimage","url":"https:\/\/lietuvis.ie\/wp-content\/uploads\/2019\/01\/dinges-tomas.jpg","contentUrl":"https:\/\/lietuvis.ie\/wp-content\/uploads\/2019\/01\/dinges-tomas.jpg","width":750,"height":563},{"@type":"BreadcrumbList","@id":"https:\/\/lietuvis.ie\/garda-ir-artimieji-pakartotinai-praso-informacijos-apie\/#breadcrumb","itemListElement":[{"@type":"ListItem","position":1,"name":"Home","item":"https:\/\/lietuvis.ie\/"},{"@type":"ListItem","position":2,"name":"Naujienos","item":"https:\/\/lietuvis.ie\/category\/news\/"},{"@type":"ListItem","position":3,"name":"Garda ir artimieji pakartotinai pra\u0161o informacijos apie dingus\u012f lietuv\u012f"}]},{"@type":"WebSite","@id":"https:\/\/lietuvis.ie\/en\/#website","url":"https:\/\/lietuvis.ie\/en\/","name":"LIETUVIS","description":"Lithuanian newspaper in Ireland","publisher":{"@id":"https:\/\/lietuvis.ie\/en\/#organization"},"potentialAction":[{"@type":"SearchAction","target":{"@type":"EntryPoint","urlTemplate":"https:\/\/lietuvis.ie\/en\/?s={search_term_string}"},"query-input":{"@type":"PropertyValueSpecification","valueRequired":true,"valueName":"search_term_string"}}],"inLanguage":"en-US"},{"@type":"Organization","@id":"https:\/\/lietuvis.ie\/en\/#organization","name":"Laikra\u0161tis \u201eLietuvis\u201c","url":"https:\/\/lietuvis.ie\/en\/","logo":{"@type":"ImageObject","inLanguage":"en-US","@id":"https:\/\/lietuvis.ie\/en\/#\/schema\/logo\/image\/","url":"https:\/\/www.lietuvis.ie\/wp-content\/uploads\/2020\/12\/logo_psd_460x180.png","contentUrl":"https:\/\/www.lietuvis.ie\/wp-content\/uploads\/2020\/12\/logo_psd_460x180.png","width":460,"height":180,"caption":"Laikra\u0161tis \u201eLietuvis\u201c"},"image":{"@id":"https:\/\/lietuvis.ie\/en\/#\/schema\/logo\/image\/"},"sameAs":["https:\/\/www.facebook.com\/lietuvis.laikrastis","https:\/\/x.com\/Lietuvis_L","https:\/\/www.linkedin.com\/company\/73914702\/"]},{"@type":"Person","@id":"https:\/\/lietuvis.ie\/en\/#\/schema\/person\/b5bdfaa2a00d9b7510d7f9bb382fdd72","name":"Laikrastis Lietuvis","image":{"@type":"ImageObject","inLanguage":"en-US","@id":"https:\/\/secure.gravatar.com\/avatar\/07312af1e6e6c2016206f7e22ae5cbdfcd58cb046d7d931160512e68ac8a282e?s=96&d=mm&r=g","url":"https:\/\/secure.gravatar.com\/avatar\/07312af1e6e6c2016206f7e22ae5cbdfcd58cb046d7d931160512e68ac8a282e?s=96&d=mm&r=g","contentUrl":"https:\/\/secure.gravatar.com\/avatar\/07312af1e6e6c2016206f7e22ae5cbdfcd58cb046d7d931160512e68ac8a282e?s=96&d=mm&r=g","caption":"Laikrastis Lietuvis"},"description":"Lithuanian newspaper \u201cLietuvis\u201d The only in Ireland Lithuanian language newspaper since 2004.","sameAs":["http:\/\/www.lietuvis.ie"]}]}},"_links":{"self":[{"href":"https:\/\/lietuvis.ie\/en\/wp-json\/wp\/v2\/posts\/3497","targetHints":{"allow":["GET"]}}],"collection":[{"href":"https:\/\/lietuvis.ie\/en\/wp-json\/wp\/v2\/posts"}],"about":[{"href":"https:\/\/lietuvis.ie\/en\/wp-json\/wp\/v2\/types\/post"}],"author":[{"embeddable":true,"href":"https:\/\/lietuvis.ie\/en\/wp-json\/wp\/v2\/users\/3"}],"replies":[{"embeddable":true,"href":"https:\/\/lietuvis.ie\/en\/wp-json\/wp\/v2\/comments?post=3497"}],"version-history":[{"count":0,"href":"https:\/\/lietuvis.ie\/en\/wp-json\/wp\/v2\/posts\/3497\/revisions"}],"wp:featuredmedia":[{"embeddable":true,"href":"https:\/\/lietuvis.ie\/en\/wp-json\/wp\/v2\/media\/3502"}],"wp:attachment":[{"href":"https:\/\/lietuvis.ie\/en\/wp-json\/wp\/v2\/media?parent=3497"}],"wp:term":[{"taxonomy":"category","embeddable":true,"href":"https:\/\/lietuvis.ie\/en\/wp-json\/wp\/v2\/categories?post=3497"},{"taxonomy":"post_tag","embeddable":true,"href":"https:\/\/lietuvis.ie\/en\/wp-json\/wp\/v2\/tags?post=3497"}],"curies":[{"name":"wp","href":"https:\/\/api.w.org\/{rel}","templated":true}]}}